{"id":1093,"date":"2024-09-23T14:27:27","date_gmt":"2024-09-23T14:27:27","guid":{"rendered":"https:\/\/echosdumouhoun.net\/?p=1093"},"modified":"2024-09-23T14:29:26","modified_gmt":"2024-09-23T14:29:26","slug":"la-direction-regionale-de-la-police-nationale-de-la-boucle-du-mouhoun-desormais-dans-ses-nouveau-locaux","status":"publish","type":"post","link":"https:\/\/echosdumouhoun.net\/index.php\/2024\/09\/23\/la-direction-regionale-de-la-police-nationale-de-la-boucle-du-mouhoun-desormais-dans-ses-nouveau-locaux\/","title":{"rendered":"La direction r\u00e9gionale de la police nationale de la Boucle du Mouhoun d\u00e9sormais dans ses nouveaux locaux"},"content":{"rendered":"<p style=\"text-align: justify;\"><strong><span style=\"font-size: 14pt;\">Ce lundi 23 septembre 2024, le ministre de la s\u00e9curit\u00e9, Mahamadou Sana, a inaugur\u00e9 la nouvelle direction r\u00e9gionale de la police nationale de la Boucle du Mouhoun, \u00e0 D\u00e9dougou. Malgr\u00e9 une fine pluie, la c\u00e9r\u00e9monie s&rsquo;est tenue sous le parrainage de sa majest\u00e9 le chef de canton de D\u00e9dougou, et le co-parrainage d&rsquo;El hadji Harouna Compaor\u00e9, pr\u00e9sident du conseil r\u00e9gional du Patronat Burkinab\u00e8 de la Boucle du Mouhoun, ainsi que du pr\u00e9sident de la d\u00e9l\u00e9gation consulaire de la Boucle du Mouhoun, chambre de commerce et d&rsquo;industrie. Le b\u00e2timent \u00e0 \u00e9tage et ses infrastructures annexes ont co\u00fbt\u00e9 603 millions de francs CFA.<\/span><\/strong><\/p>\n<p><img loading=\"lazy\" decoding=\"async\" class=\"alignnone size-full wp-image-1097\" src=\"http:\/\/echosdumouhoun.net\/wp-content\/uploads\/2024\/09\/WhatsApp-Image-2024-09-23-at-12.34.25.jpeg\" alt=\"\" width=\"992\" height=\"744\" \/><\/p>\n<p style=\"text-align: center;\"><strong><em>Le Ministre de la S\u00e9curit\u00e9, Mahamadou Sana \u00e0 pr\u00e9sid\u00e9 la c\u00e9r\u00e9monie inaugurale<\/em> <\/strong><\/p>\n<p style=\"text-align: justify;\"><span style=\"font-size: 14pt;\">La c\u00e9r\u00e9monie a \u00e9t\u00e9 marqu\u00e9e par plusieurs temps forts, notamment les discours, la coupure symbolique du ruban, la visite des locaux, et la plantation d\u2019un arbre en signe de p\u00e9rennit\u00e9. <\/span><\/p>\n<p style=\"text-align: justify;\"><span style=\"font-size: 14pt;\">Le pr\u00e9sident de la d\u00e9l\u00e9gation sp\u00e9ciale communale de D\u00e9dougou, Dieudonn\u00e9 TOUGFO, a exprim\u00e9 sa gratitude en saluant le travail acharn\u00e9 des forces de police qui contribuent \u00e0 la tranquillit\u00e9 des populations.<\/span><\/p>\n<p style=\"text-align: justify;\"><span style=\"font-size: 14pt;\">Le commissaire divisionnaire Abdoulaye Sidib\u00e9, Directeur r\u00e9gional de la police nationale de la Boucle du Mouhoun, a \u00e9galement remerci\u00e9 le Ministre pour cette r\u00e9alisation, soulignant qu\u2019elle r\u00e9pond \u00e0 une pr\u00e9occupation importante pour ses agents.<\/span><\/p>\n<p style=\"text-align: justify;\"><span style=\"font-size: 14pt;\">Dans son discours, le Ministre Mahamadou Sana a encourag\u00e9 les forces combattantes et f\u00e9licit\u00e9 la r\u00e9silience de la population de la r\u00e9gion. Il a assur\u00e9 que des mesures pratiques sont prises pour restaurer la s\u00e9curit\u00e9 dans certaines zones et permettre aux populations de vaquer sereinement \u00e0 leurs occupations. Il a \u00e9galement insist\u00e9 sur la pr\u00e9servation du bien public, exhortant les occupants \u00e0 entretenir ce nouveau cadre de travail. Le ministre a tenu \u00e0 remercier le Pr\u00e9sident du Faso pour sa vision et son engagement en faveur de la s\u00e9curit\u00e9 nationale.<\/span><\/p>\n<p><img loading=\"lazy\" decoding=\"async\" class=\"alignnone size-full wp-image-1095\" src=\"http:\/\/echosdumouhoun.net\/wp-content\/uploads\/2024\/09\/WhatsApp-Image-2024-09-23-at-12.34.07.jpeg\" alt=\"\" width=\"992\" height=\"744\" \/><\/p>\n<p style=\"text-align: justify;\"><span style=\"font-size: 14pt;\">La c\u00e9r\u00e9monie s\u2019est conclue par la remise d\u2019attestations de reconnaissance \u00e0 plusieurs acteurs locaux dont les m\u00e9rites ont \u00e9t\u00e9 salu\u00e9s.<\/span><\/p>\n<p>Yves Lionel<\/p>\n<p>Echos du Mouhoun<\/p>\n","protected":false},"excerpt":{"rendered":"<p>Ce lundi 23 septembre 2024, le ministre de la s\u00e9curit\u00e9, Mahamadou Sana, a inaugur\u00e9 la nouvelle direction r\u00e9gionale de la police nationale de la Boucle du Mouhoun, \u00e0 D\u00e9dougou. Malgr\u00e9 une fine pluie, la c\u00e9r\u00e9monie s&rsquo;est tenue sous le parrainage de sa majest\u00e9 le chef de canton de D\u00e9dougou, et le co-parrainage d&rsquo;El hadji Harouna [&hellip;]<\/p>\n","protected":false},"author":1,"featured_media":1094,"comment_status":"open","ping_status":"open","sticky":false,"template":"","format":"standard","meta":{"_monsterinsights_skip_tracking":false,"_monsterinsights_sitenote_active":false,"_monsterinsights_sitenote_note":"","_monsterinsights_sitenote_category":0,"footnotes":""},"categories":[2,17],"tags":[],"class_list":["post-1093","post","type-post","status-publish","format-standard","has-post-thumbnail","hentry","category-actualite","category-securite"],"aioseo_notices":[],"_links":{"self":[{"href":"https:\/\/echosdumouhoun.net\/index.php\/wp-json\/wp\/v2\/posts\/1093","targetHints":{"allow":["GET"]}}],"collection":[{"href":"https:\/\/echosdumouhoun.net\/index.php\/wp-json\/wp\/v2\/posts"}],"about":[{"href":"https:\/\/echosdumouhoun.net\/index.php\/wp-json\/wp\/v2\/types\/post"}],"author":[{"embeddable":true,"href":"https:\/\/echosdumouhoun.net\/index.php\/wp-json\/wp\/v2\/users\/1"}],"replies":[{"embeddable":true,"href":"https:\/\/echosdumouhoun.net\/index.php\/wp-json\/wp\/v2\/comments?post=1093"}],"version-history":[{"count":2,"href":"https:\/\/echosdumouhoun.net\/index.php\/wp-json\/wp\/v2\/posts\/1093\/revisions"}],"predecessor-version":[{"id":1099,"href":"https:\/\/echosdumouhoun.net\/index.php\/wp-json\/wp\/v2\/posts\/1093\/revisions\/1099"}],"wp:featuredmedia":[{"embeddable":true,"href":"https:\/\/echosdumouhoun.net\/index.php\/wp-json\/wp\/v2\/media\/1094"}],"wp:attachment":[{"href":"https:\/\/echosdumouhoun.net\/index.php\/wp-json\/wp\/v2\/media?parent=1093"}],"wp:term":[{"taxonomy":"category","embeddable":true,"href":"https:\/\/echosdumouhoun.net\/index.php\/wp-json\/wp\/v2\/categories?post=1093"},{"taxonomy":"post_tag","embeddable":true,"href":"https:\/\/echosdumouhoun.net\/index.php\/wp-json\/wp\/v2\/tags?post=1093"}],"curies":[{"name":"wp","href":"https:\/\/api.w.org\/{rel}","templated":true}]}}